{"id":2534,"date":"2023-05-20T17:52:08","date_gmt":"2023-05-20T17:52:08","guid":{"rendered":"http:\/\/colegiosanjosepontevedra.es\/?p=2534"},"modified":"2023-05-20T18:11:34","modified_gmt":"2023-05-20T18:11:34","slug":"solicitud-ayuda-de-libros-y-material-escolar-2023-2024","status":"publish","type":"post","link":"http:\/\/colegiosanjosepontevedra.es\/?p=2534","title":{"rendered":"Solicitud ayuda de libros y material escolar 2023 2024"},"content":{"rendered":"\n<p>La Xunta de Galicia ha abierto este s\u00e1bado, 20 de mayo de 2023, el plazo para la solicitud de becas para la compra de libros y de material escolar.<\/p>\n\n\n\n<p>Plazo de solicitud: del 20 de mayo al 21 de junio de 2023<\/p>\n\n\n\n<p><br>Ser\u00e1 requisito fundamental para acceder al Fondo solidario de Libros o recibir las ayudas para libros o material escolar haber devuelto los libros del curso anterior .  Podr\u00e1n presentar sus solicitudes los\/as padres, madres, tutores o representantes legales del alumnado, preferiblemente por v\u00eda electr\u00f3nica a trav\u00e9s del formulario normalizado accesible desde la <a href=\"https:\/\/sede.xunta.gal\/detalle-procedemento?langId=es_ES&amp;codtram=ED330B\">sede electr\u00f3nica<\/a> de la Xunta de Galicia. Opcionalmente, podr\u00e1 presentar las solicitudes presencialmente en los centros docentes o en cualquiera de los lugares y registros establecidos en la normativa reguladora del procedimiento administrativo com\u00fan.<\/p>\n\n\n\n<p><a href=\"http:\/\/colegiosanjosepontevedra.es\/wp-content\/uploads\/2023\/05\/Solicitud.pdf\">PARTICIPACI\u00d3N EN EL FONDO SOLIDARIO DE LIBROS DE TEXTO Y AYUDAS PARA<br>ADQUIRIR LIBROS DE TEXTO Y MATERIAL ESCOLAR<\/a> (solicitud)<\/p>\n\n\n\n<p><a href=\"http:\/\/colegiosanjosepontevedra.es\/wp-content\/uploads\/2023\/05\/Anexo-II-solicitud.pdf\">COMPROBACI\u00d3N DE DATOS DE LOS MIEMBROS COMPUTABLES DE LA UNIDAD FAMILIAR <\/a>(anexo II)<\/p>\n\n\n\n<p><\/p>\n\n\n\n<p>M\u00e1s informaci\u00f3n:  en el apartado Libros y material de nuestra p\u00e1gina web o en <a href=\"http:\/\/www.edu.xunta.gal\/portal\/node\/39928\">http:\/\/www.edu.xunta.gal\/portal\/node\/39928<\/a><\/p>\n\n\n\n<p><\/p>\n","protected":false},"excerpt":{"rendered":"<p>La Xunta de Galicia ha abierto este s\u00e1bado, 20 de mayo de 2023, el plazo para la solicitud de becas para la compra de libros y de material escolar. Plazo de solicitud: del 20 de mayo al 21 de junio de 2023 Ser\u00e1 requisito fundamental para acceder al Fondo solidario de Libros o recibir las ayudas para libros o material &hellip; <a href=\"http:\/\/colegiosanjosepontevedra.es\/?p=2534\">Sigue leyendo <span class=\"meta-nav\">&rarr;<\/span><\/a><\/p>\n","protected":false},"author":2,"featured_media":0,"comment_status":"closed","ping_status":"closed","sticky":false,"template":"","format":"standard","meta":[],"categories":[1],"tags":[],"_links":{"self":[{"href":"http:\/\/colegiosanjosepontevedra.es\/index.php?rest_route=\/wp\/v2\/posts\/2534"}],"collection":[{"href":"http:\/\/colegiosanjosepontevedra.es\/index.php?rest_route=\/wp\/v2\/posts"}],"about":[{"href":"http:\/\/colegiosanjosepontevedra.es\/index.php?rest_route=\/wp\/v2\/types\/post"}],"author":[{"embeddable":true,"href":"http:\/\/colegiosanjosepontevedra.es\/index.php?rest_route=\/wp\/v2\/users\/2"}],"replies":[{"embeddable":true,"href":"http:\/\/colegiosanjosepontevedra.es\/index.php?rest_route=%2Fwp%2Fv2%2Fcomments&post=2534"}],"version-history":[{"count":3,"href":"http:\/\/colegiosanjosepontevedra.es\/index.php?rest_route=\/wp\/v2\/posts\/2534\/revisions"}],"predecessor-version":[{"id":2541,"href":"http:\/\/colegiosanjosepontevedra.es\/index.php?rest_route=\/wp\/v2\/posts\/2534\/revisions\/2541"}],"wp:attachment":[{"href":"http:\/\/colegiosanjosepontevedra.es\/index.php?rest_route=%2Fwp%2Fv2%2Fmedia&parent=2534"}],"wp:term":[{"taxonomy":"category","embeddable":true,"href":"http:\/\/colegiosanjosepontevedra.es\/index.php?rest_route=%2Fwp%2Fv2%2Fcategories&post=2534"},{"taxonomy":"post_tag","embeddable":true,"href":"http:\/\/colegiosanjosepontevedra.es\/index.php?rest_route=%2Fwp%2Fv2%2Ftags&post=2534"}],"curies":[{"name":"wp","href":"https:\/\/api.w.org\/{rel}","templated":true}]}}