{"id":577,"date":"2015-11-24T13:26:50","date_gmt":"2015-11-24T12:26:50","guid":{"rendered":"http:\/\/www.colegiosanjosepontevedra.es\/?p=577"},"modified":"2015-11-24T13:26:50","modified_gmt":"2015-11-24T12:26:50","slug":"calendario-escolar-20152016","status":"publish","type":"post","link":"http:\/\/colegiosanjosepontevedra.es\/?p=577","title":{"rendered":"Calendario escolar 2015\/2016"},"content":{"rendered":"<p>Seg\u00fan la Orden del 8 de junio de 2015 por la que se aprueba el calendario escolar para el curso 2015\/2016, en los centros educativos de la Comunidad de Galicia, quedan aprobados como <strong>d\u00edas no lectivos<\/strong> para el CPR San Jos\u00e9 de Pontevedra los d\u00edas <strong>7 de diciembre de 2015 y\u00a0 el 16 de mayo de 2016<\/strong>.<\/p>\n","protected":false},"excerpt":{"rendered":"<p>Seg\u00fan la Orden del 8 de junio de 2015 por la que se aprueba el calendario escolar para el curso 2015\/2016, en los centros educativos de la Comunidad de Galicia, quedan aprobados como d\u00edas no lectivos para el CPR San Jos\u00e9 de Pontevedra los d\u00edas 7 de diciembre de 2015 y\u00a0 el 16 de mayo de 2016.<\/p>\n","protected":false},"author":1,"featured_media":0,"comment_status":"closed","ping_status":"open","sticky":false,"template":"","format":"standard","meta":[],"categories":[2],"tags":[],"_links":{"self":[{"href":"http:\/\/colegiosanjosepontevedra.es\/index.php?rest_route=\/wp\/v2\/posts\/577"}],"collection":[{"href":"http:\/\/colegiosanjosepontevedra.es\/index.php?rest_route=\/wp\/v2\/posts"}],"about":[{"href":"http:\/\/colegiosanjosepontevedra.es\/index.php?rest_route=\/wp\/v2\/types\/post"}],"author":[{"embeddable":true,"href":"http:\/\/colegiosanjosepontevedra.es\/index.php?rest_route=\/wp\/v2\/users\/1"}],"replies":[{"embeddable":true,"href":"http:\/\/colegiosanjosepontevedra.es\/index.php?rest_route=%2Fwp%2Fv2%2Fcomments&post=577"}],"version-history":[{"count":0,"href":"http:\/\/colegiosanjosepontevedra.es\/index.php?rest_route=\/wp\/v2\/posts\/577\/revisions"}],"wp:attachment":[{"href":"http:\/\/colegiosanjosepontevedra.es\/index.php?rest_route=%2Fwp%2Fv2%2Fmedia&parent=577"}],"wp:term":[{"taxonomy":"category","embeddable":true,"href":"http:\/\/colegiosanjosepontevedra.es\/index.php?rest_route=%2Fwp%2Fv2%2Fcategories&post=577"},{"taxonomy":"post_tag","embeddable":true,"href":"http:\/\/colegiosanjosepontevedra.es\/index.php?rest_route=%2Fwp%2Fv2%2Ftags&post=577"}],"curies":[{"name":"wp","href":"https:\/\/api.w.org\/{rel}","templated":true}]}}