{"id":1109,"date":"2020-02-03T09:39:40","date_gmt":"2020-02-03T09:39:40","guid":{"rendered":"http:\/\/colegiosanjosepontevedra.es\/?p=1109"},"modified":"2020-02-03T09:39:40","modified_gmt":"2020-02-03T09:39:40","slug":"dia-de-la-no-violencia-y-la-paz","status":"publish","type":"post","link":"https:\/\/colegiosanjosepontevedra.es\/?p=1109","title":{"rendered":"Dia de la No violencia y la Paz"},"content":{"rendered":"<p>Queremos invitaros a todos a la celebraci\u00f3n del D\u00eda Escolar de la no violencia y la Paz, que no se pudo celebrar por motivos climatol\u00f3gicos.<\/p>\n<p>Lo haremos el d\u00eda 5 de febrero a las 12.15 horas.<\/p>\n<p>&nbsp;<\/p>\n","protected":false},"excerpt":{"rendered":"<p>Queremos invitaros a todos a la celebraci\u00f3n del D\u00eda Escolar de la no violencia y la Paz, que no se pudo celebrar por motivos climatol\u00f3gicos. Lo haremos el d\u00eda 5 de febrero a las 12.15 horas. &nbsp;<\/p>\n","protected":false},"author":2,"featured_media":0,"comment_status":"open","ping_status":"open","sticky":false,"template":"","format":"standard","meta":[],"categories":[1],"tags":[],"_links":{"self":[{"href":"https:\/\/colegiosanjosepontevedra.es\/index.php?rest_route=\/wp\/v2\/posts\/1109"}],"collection":[{"href":"https:\/\/colegiosanjosepontevedra.es\/index.php?rest_route=\/wp\/v2\/posts"}],"about":[{"href":"https:\/\/colegiosanjosepontevedra.es\/index.php?rest_route=\/wp\/v2\/types\/post"}],"author":[{"embeddable":true,"href":"https:\/\/colegiosanjosepontevedra.es\/index.php?rest_route=\/wp\/v2\/users\/2"}],"replies":[{"embeddable":true,"href":"https:\/\/colegiosanjosepontevedra.es\/index.php?rest_route=%2Fwp%2Fv2%2Fcomments&post=1109"}],"version-history":[{"count":1,"href":"https:\/\/colegiosanjosepontevedra.es\/index.php?rest_route=\/wp\/v2\/posts\/1109\/revisions"}],"predecessor-version":[{"id":1110,"href":"https:\/\/colegiosanjosepontevedra.es\/index.php?rest_route=\/wp\/v2\/posts\/1109\/revisions\/1110"}],"wp:attachment":[{"href":"https:\/\/colegiosanjosepontevedra.es\/index.php?rest_route=%2Fwp%2Fv2%2Fmedia&parent=1109"}],"wp:term":[{"taxonomy":"category","embeddable":true,"href":"https:\/\/colegiosanjosepontevedra.es\/index.php?rest_route=%2Fwp%2Fv2%2Fcategories&post=1109"},{"taxonomy":"post_tag","embeddable":true,"href":"https:\/\/colegiosanjosepontevedra.es\/index.php?rest_route=%2Fwp%2Fv2%2Ftags&post=1109"}],"curies":[{"name":"wp","href":"https:\/\/api.w.org\/{rel}","templated":true}]}}