{"id":2352,"date":"2022-10-22T14:46:51","date_gmt":"2022-10-22T14:46:51","guid":{"rendered":"http:\/\/colegiosanjosepontevedra.es\/?p=2352"},"modified":"2022-10-22T14:46:53","modified_gmt":"2022-10-22T14:46:53","slug":"llega-el-terror","status":"publish","type":"post","link":"https:\/\/colegiosanjosepontevedra.es\/?p=2352","title":{"rendered":"Llega el terror"},"content":{"rendered":"\n<figure class=\"wp-block-image\"><a href=\"https:\/\/blogger.googleusercontent.com\/img\/b\/R29vZ2xl\/AVvXsEhrwbuFhGi84qbPPAha0xMuABhCIzrcMpgNBD2uVw-40A69ODBygRjvr2su5Cq76-4f30OtXA0DMM1me91u_7ce__UzILCs-PvX42CdH7JoXbs0TpYT8kAsoLH0x37TP3aEsJVwLTBk74wbKJS1l0qce2d6oLKycuDbItMlYF4MjsFnoimvbwnb0Yhe\/s1080\/20221020_211312_0000.png\"><img decoding=\"async\" src=\"https:\/\/blogger.googleusercontent.com\/img\/b\/R29vZ2xl\/AVvXsEhrwbuFhGi84qbPPAha0xMuABhCIzrcMpgNBD2uVw-40A69ODBygRjvr2su5Cq76-4f30OtXA0DMM1me91u_7ce__UzILCs-PvX42CdH7JoXbs0TpYT8kAsoLH0x37TP3aEsJVwLTBk74wbKJS1l0qce2d6oLKycuDbItMlYF4MjsFnoimvbwnb0Yhe\/w400-h400\/20221020_211312_0000.png\" alt=\"\"\/><\/a><\/figure>\n\n\n\n<p>Se acerca la fecha m\u00e1s terror\u00edfica del a\u00f1o, Halloween (Sama\u00edn), \u00bfEst\u00e1is preparados?<\/p>\n\n\n\n<p>El viernes 28 de octubre lo celebraremos en el cole. De forma voluntaria, pod\u00e9is sustituir el uniforme escolar por un disfraz de Halloween.&nbsp; Os recordamos que debemos estar c\u00f3modos\/as para realizar todas las clases y desenvolvernos de forma aut\u00f3noma.<\/p>\n\n\n\n<p>Esperamos impacientes vuestros \u00abterror\u00edficos\u00bb disfraces.<\/p>\n\n\n\n<p>\u00bfTruco o Trato?<\/p>\n","protected":false},"excerpt":{"rendered":"<p>Se acerca la fecha m\u00e1s terror\u00edfica del a\u00f1o, Halloween (Sama\u00edn), \u00bfEst\u00e1is preparados? El viernes 28 de octubre lo celebraremos en el cole. De forma voluntaria, pod\u00e9is sustituir el uniforme escolar por un disfraz de Halloween.&nbsp; Os recordamos que debemos estar c\u00f3modos\/as para realizar todas las clases y desenvolvernos de forma aut\u00f3noma. Esperamos impacientes vuestros \u00abterror\u00edficos\u00bb disfraces. \u00bfTruco o Trato?<\/p>\n","protected":false},"author":2,"featured_media":0,"comment_status":"closed","ping_status":"closed","sticky":false,"template":"","format":"standard","meta":[],"categories":[1],"tags":[],"_links":{"self":[{"href":"https:\/\/colegiosanjosepontevedra.es\/index.php?rest_route=\/wp\/v2\/posts\/2352"}],"collection":[{"href":"https:\/\/colegiosanjosepontevedra.es\/index.php?rest_route=\/wp\/v2\/posts"}],"about":[{"href":"https:\/\/colegiosanjosepontevedra.es\/index.php?rest_route=\/wp\/v2\/types\/post"}],"author":[{"embeddable":true,"href":"https:\/\/colegiosanjosepontevedra.es\/index.php?rest_route=\/wp\/v2\/users\/2"}],"replies":[{"embeddable":true,"href":"https:\/\/colegiosanjosepontevedra.es\/index.php?rest_route=%2Fwp%2Fv2%2Fcomments&post=2352"}],"version-history":[{"count":1,"href":"https:\/\/colegiosanjosepontevedra.es\/index.php?rest_route=\/wp\/v2\/posts\/2352\/revisions"}],"predecessor-version":[{"id":2353,"href":"https:\/\/colegiosanjosepontevedra.es\/index.php?rest_route=\/wp\/v2\/posts\/2352\/revisions\/2353"}],"wp:attachment":[{"href":"https:\/\/colegiosanjosepontevedra.es\/index.php?rest_route=%2Fwp%2Fv2%2Fmedia&parent=2352"}],"wp:term":[{"taxonomy":"category","embeddable":true,"href":"https:\/\/colegiosanjosepontevedra.es\/index.php?rest_route=%2Fwp%2Fv2%2Fcategories&post=2352"},{"taxonomy":"post_tag","embeddable":true,"href":"https:\/\/colegiosanjosepontevedra.es\/index.php?rest_route=%2Fwp%2Fv2%2Ftags&post=2352"}],"curies":[{"name":"wp","href":"https:\/\/api.w.org\/{rel}","templated":true}]}}