{"id":260,"date":"2013-11-05T09:34:18","date_gmt":"2013-11-05T08:34:18","guid":{"rendered":"http:\/\/www.colegiosanjosepontevedra.es\/?p=260"},"modified":"2013-11-05T09:34:18","modified_gmt":"2013-11-05T08:34:18","slug":"dias-no-lectivos","status":"publish","type":"post","link":"https:\/\/colegiosanjosepontevedra.es\/?p=260","title":{"rendered":"D\u00edas no lectivos"},"content":{"rendered":"<p>Seg\u00fan lo dispuesto en el articulo 7, de la Orden del 24 de mayo de 2013 (DOG n\u00famero 107 del jueves 6 de junio de 2013) por la que se aprueba el calendario escolar para el curso 2013\/2014, la Jefatura Territorial de Educaci\u00f3n de Pontevedra declara d\u00edas no lectivos para este centro los d\u00edas <strong>9 de diciembre de 2013\u00a0y el 2 de mayo de 2014<\/strong>, de acuerdo con el calendario laboral.<\/p>\n","protected":false},"excerpt":{"rendered":"<p>Seg\u00fan lo dispuesto en el articulo 7, de la Orden del 24 de mayo de 2013 (DOG n\u00famero 107 del jueves 6 de junio de 2013) por la que se aprueba el calendario escolar para el curso 2013\/2014, la Jefatura Territorial de Educaci\u00f3n de Pontevedra declara d\u00edas no lectivos para este centro los d\u00edas 9 de diciembre de 2013\u00a0y el &hellip; <a href=\"https:\/\/colegiosanjosepontevedra.es\/?p=260\">Sigue leyendo <span class=\"meta-nav\">&rarr;<\/span><\/a><\/p>\n","protected":false},"author":1,"featured_media":0,"comment_status":"closed","ping_status":"open","sticky":false,"template":"","format":"standard","meta":[],"categories":[2],"tags":[],"_links":{"self":[{"href":"https:\/\/colegiosanjosepontevedra.es\/index.php?rest_route=\/wp\/v2\/posts\/260"}],"collection":[{"href":"https:\/\/colegiosanjosepontevedra.es\/index.php?rest_route=\/wp\/v2\/posts"}],"about":[{"href":"https:\/\/colegiosanjosepontevedra.es\/index.php?rest_route=\/wp\/v2\/types\/post"}],"author":[{"embeddable":true,"href":"https:\/\/colegiosanjosepontevedra.es\/index.php?rest_route=\/wp\/v2\/users\/1"}],"replies":[{"embeddable":true,"href":"https:\/\/colegiosanjosepontevedra.es\/index.php?rest_route=%2Fwp%2Fv2%2Fcomments&post=260"}],"version-history":[{"count":0,"href":"https:\/\/colegiosanjosepontevedra.es\/index.php?rest_route=\/wp\/v2\/posts\/260\/revisions"}],"wp:attachment":[{"href":"https:\/\/colegiosanjosepontevedra.es\/index.php?rest_route=%2Fwp%2Fv2%2Fmedia&parent=260"}],"wp:term":[{"taxonomy":"category","embeddable":true,"href":"https:\/\/colegiosanjosepontevedra.es\/index.php?rest_route=%2Fwp%2Fv2%2Fcategories&post=260"},{"taxonomy":"post_tag","embeddable":true,"href":"https:\/\/colegiosanjosepontevedra.es\/index.php?rest_route=%2Fwp%2Fv2%2Ftags&post=260"}],"curies":[{"name":"wp","href":"https:\/\/api.w.org\/{rel}","templated":true}]}}