{"id":3138,"date":"2025-04-30T08:48:00","date_gmt":"2025-04-30T08:48:00","guid":{"rendered":"https:\/\/colegiosanjosepontevedra.es\/?p=3138"},"modified":"2025-05-05T08:53:25","modified_gmt":"2025-05-05T08:53:25","slug":"ayudas-para-el-alumnado-con-necesidades-especificas-de-apoyo-educativo-para-el-curso-2025-2026","status":"publish","type":"post","link":"https:\/\/colegiosanjosepontevedra.es\/?p=3138","title":{"rendered":"Ayudas para el alumnado con necesidades espec\u00edficas de apoyo educativo para el curso 2025-2026"},"content":{"rendered":"<p style=\"text-align: left;\">A partir del 30 de abril, dar\u00e1 comienzo la convocatoria para la solicitud de becas y ayuda para alumnado con necesidad espec\u00edfica de apoyo educativo.<\/p>\n<p style=\"text-align: left;\"><!-- \/wp:paragraph --><!-- wp:paragraph --><\/p>\n<p style=\"text-align: left;\">Las solicitudes tanto de ayudas como de subsidios deber\u00e1n cumplimentarsemediante el formulario accesible por internet en la direcci\u00f3nwww.educacionyfp.gob.es o a trav\u00e9s de la sede electr\u00f3nica del Ministerio deEducaci\u00f3n, Formaci\u00f3n Profesional y Deportes en la direcci\u00f3n https:\/\/sede.educacion.gob.es.<br \/>Una vez cumplimentada la solicitud, deber\u00e1 ser firmada por el interesado o surepresentante legal, en el caso de ser menor de 18 a\u00f1os, con cualquiera de lossistemas de firma electr\u00f3nica aceptados por la sede electr\u00f3nica y enviada por elprocedimiento telem\u00e1tico establecido, quedando as\u00ed presentada a todos losefectos. No ser\u00e1n tenidas en cuenta aquellas solicitudes cumplimentadas por v\u00edatelem\u00e1tica que no completen el proceso de presentaci\u00f3n establecido, obteniendo elresguardo de solicitud que deber\u00e1 ser conservado por el solicitante para acreditar,en caso de que resulte necesario, la presentaci\u00f3n de su solicitud en el plazo yforma establecidos.<br \/>El plazo de presentaci\u00f3n de solicitudes se extender\u00e1 desde las 8,00, hora peninsular, del 30 de abril de 2025 hasta las 24,00, hora peninsular, del d\u00eda 11 de septiembre de 2025, ambos inclusive.<\/p>\n<p>Informaci\u00f3n: <a href=\"http:\/\/colegiosanjosepontevedra.es\/wp-content\/uploads\/2025\/05\/Extracto-Axudas-Alumnado-con-NEAE-2025-2026.pdf\">Resoluci\u00f3n<\/a>\u00a0<\/p>\n<p>\u00a0 \u00a0 \u00a0 \u00a0 \u00a0 \u00a0 \u00a0 \u00a0 \u00a0 \u00a0 \u00a0<a href=\"http:\/\/colegiosanjosepontevedra.es\/wp-content\/uploads\/2025\/05\/Bases-Convocatoria-Axudas-NEAE-2025_2026.pdf\">BOE<\/a><\/p>\n\n<!-- wp:paragraph -->\n<p><\/p>\n<!-- \/wp:paragraph -->","protected":false},"excerpt":{"rendered":"<p>A partir del 30 de abril, dar\u00e1 comienzo la convocatoria para la solicitud de becas y ayuda para alumnado con necesidad espec\u00edfica de apoyo educativo. Las solicitudes tanto de ayudas como de subsidios deber\u00e1n cumplimentarsemediante el formulario accesible por internet en la direcci\u00f3nwww.educacionyfp.gob.es o a trav\u00e9s de la sede electr\u00f3nica del Ministerio deEducaci\u00f3n, Formaci\u00f3n Profesional y Deportes en la direcci\u00f3n &hellip; <a href=\"https:\/\/colegiosanjosepontevedra.es\/?p=3138\">Sigue leyendo <span class=\"meta-nav\">&rarr;<\/span><\/a><\/p>\n","protected":false},"author":2,"featured_media":0,"comment_status":"closed","ping_status":"closed","sticky":false,"template":"","format":"standard","meta":[],"categories":[1],"tags":[],"_links":{"self":[{"href":"https:\/\/colegiosanjosepontevedra.es\/index.php?rest_route=\/wp\/v2\/posts\/3138"}],"collection":[{"href":"https:\/\/colegiosanjosepontevedra.es\/index.php?rest_route=\/wp\/v2\/posts"}],"about":[{"href":"https:\/\/colegiosanjosepontevedra.es\/index.php?rest_route=\/wp\/v2\/types\/post"}],"author":[{"embeddable":true,"href":"https:\/\/colegiosanjosepontevedra.es\/index.php?rest_route=\/wp\/v2\/users\/2"}],"replies":[{"embeddable":true,"href":"https:\/\/colegiosanjosepontevedra.es\/index.php?rest_route=%2Fwp%2Fv2%2Fcomments&post=3138"}],"version-history":[{"count":1,"href":"https:\/\/colegiosanjosepontevedra.es\/index.php?rest_route=\/wp\/v2\/posts\/3138\/revisions"}],"predecessor-version":[{"id":3141,"href":"https:\/\/colegiosanjosepontevedra.es\/index.php?rest_route=\/wp\/v2\/posts\/3138\/revisions\/3141"}],"wp:attachment":[{"href":"https:\/\/colegiosanjosepontevedra.es\/index.php?rest_route=%2Fwp%2Fv2%2Fmedia&parent=3138"}],"wp:term":[{"taxonomy":"category","embeddable":true,"href":"https:\/\/colegiosanjosepontevedra.es\/index.php?rest_route=%2Fwp%2Fv2%2Fcategories&post=3138"},{"taxonomy":"post_tag","embeddable":true,"href":"https:\/\/colegiosanjosepontevedra.es\/index.php?rest_route=%2Fwp%2Fv2%2Ftags&post=3138"}],"curies":[{"name":"wp","href":"https:\/\/api.w.org\/{rel}","templated":true}]}}