{"id":462,"date":"2015-02-04T09:10:25","date_gmt":"2015-02-04T08:10:25","guid":{"rendered":"http:\/\/www.colegiosanjosepontevedra.es\/?p=462"},"modified":"2015-02-04T09:10:25","modified_gmt":"2015-02-04T08:10:25","slug":"aviso-dia-de-la-paz","status":"publish","type":"post","link":"https:\/\/colegiosanjosepontevedra.es\/?p=462","title":{"rendered":"\u00a1\u00a1\u00a1\u00a1\u00a1Aviso!!!!! D\u00eda de la Paz"},"content":{"rendered":"<p>Ma\u00f1ana, jueves d\u00eda 5 de febrero, a las 13.15 horas celebraremos el d\u00eda de la paz que tuvo que ser aplazado por la lluvia.<\/p>\n<p>\u00a0\u00a1\u00a1\u00a1Os esperamos a todos!!!<\/p>\n","protected":false},"excerpt":{"rendered":"<p>Ma\u00f1ana, jueves d\u00eda 5 de febrero, a las 13.15 horas celebraremos el d\u00eda de la paz que tuvo que ser aplazado por la lluvia. \u00a0\u00a1\u00a1\u00a1Os esperamos a todos!!!<\/p>\n","protected":false},"author":1,"featured_media":0,"comment_status":"closed","ping_status":"open","sticky":false,"template":"","format":"standard","meta":[],"categories":[2],"tags":[],"_links":{"self":[{"href":"https:\/\/colegiosanjosepontevedra.es\/index.php?rest_route=\/wp\/v2\/posts\/462"}],"collection":[{"href":"https:\/\/colegiosanjosepontevedra.es\/index.php?rest_route=\/wp\/v2\/posts"}],"about":[{"href":"https:\/\/colegiosanjosepontevedra.es\/index.php?rest_route=\/wp\/v2\/types\/post"}],"author":[{"embeddable":true,"href":"https:\/\/colegiosanjosepontevedra.es\/index.php?rest_route=\/wp\/v2\/users\/1"}],"replies":[{"embeddable":true,"href":"https:\/\/colegiosanjosepontevedra.es\/index.php?rest_route=%2Fwp%2Fv2%2Fcomments&post=462"}],"version-history":[{"count":0,"href":"https:\/\/colegiosanjosepontevedra.es\/index.php?rest_route=\/wp\/v2\/posts\/462\/revisions"}],"wp:attachment":[{"href":"https:\/\/colegiosanjosepontevedra.es\/index.php?rest_route=%2Fwp%2Fv2%2Fmedia&parent=462"}],"wp:term":[{"taxonomy":"category","embeddable":true,"href":"https:\/\/colegiosanjosepontevedra.es\/index.php?rest_route=%2Fwp%2Fv2%2Fcategories&post=462"},{"taxonomy":"post_tag","embeddable":true,"href":"https:\/\/colegiosanjosepontevedra.es\/index.php?rest_route=%2Fwp%2Fv2%2Ftags&post=462"}],"curies":[{"name":"wp","href":"https:\/\/api.w.org\/{rel}","templated":true}]}}