{"id":626,"date":"2016-05-13T10:17:53","date_gmt":"2016-05-13T10:17:53","guid":{"rendered":"http:\/\/colegiosanjosepontevedra.es\/?p=626"},"modified":"2016-05-13T10:17:53","modified_gmt":"2016-05-13T10:17:53","slug":"suspension-letras-gallegas","status":"publish","type":"post","link":"https:\/\/colegiosanjosepontevedra.es\/?p=626","title":{"rendered":"Suspensi\u00f3n letras gallegas"},"content":{"rendered":"<p>Debido al mal tiempo, y que nuestra plaza esta muy mojada, posponemos nuestra celebraci\u00f3n del d\u00eda de las Letras Gallegas hasta el mi\u00e9rcoles 18 a las 11.30 horas.<\/p>\n<p>Os esperamos a todos.<\/p>\n","protected":false},"excerpt":{"rendered":"<p>Debido al mal tiempo, y que nuestra plaza esta muy mojada, posponemos nuestra celebraci\u00f3n del d\u00eda de las Letras Gallegas hasta el mi\u00e9rcoles 18 a las 11.30 horas. Os esperamos a todos.<\/p>\n","protected":false},"author":2,"featured_media":0,"comment_status":"open","ping_status":"open","sticky":false,"template":"","format":"standard","meta":[],"categories":[1],"tags":[],"_links":{"self":[{"href":"https:\/\/colegiosanjosepontevedra.es\/index.php?rest_route=\/wp\/v2\/posts\/626"}],"collection":[{"href":"https:\/\/colegiosanjosepontevedra.es\/index.php?rest_route=\/wp\/v2\/posts"}],"about":[{"href":"https:\/\/colegiosanjosepontevedra.es\/index.php?rest_route=\/wp\/v2\/types\/post"}],"author":[{"embeddable":true,"href":"https:\/\/colegiosanjosepontevedra.es\/index.php?rest_route=\/wp\/v2\/users\/2"}],"replies":[{"embeddable":true,"href":"https:\/\/colegiosanjosepontevedra.es\/index.php?rest_route=%2Fwp%2Fv2%2Fcomments&post=626"}],"version-history":[{"count":1,"href":"https:\/\/colegiosanjosepontevedra.es\/index.php?rest_route=\/wp\/v2\/posts\/626\/revisions"}],"predecessor-version":[{"id":627,"href":"https:\/\/colegiosanjosepontevedra.es\/index.php?rest_route=\/wp\/v2\/posts\/626\/revisions\/627"}],"wp:attachment":[{"href":"https:\/\/colegiosanjosepontevedra.es\/index.php?rest_route=%2Fwp%2Fv2%2Fmedia&parent=626"}],"wp:term":[{"taxonomy":"category","embeddable":true,"href":"https:\/\/colegiosanjosepontevedra.es\/index.php?rest_route=%2Fwp%2Fv2%2Fcategories&post=626"},{"taxonomy":"post_tag","embeddable":true,"href":"https:\/\/colegiosanjosepontevedra.es\/index.php?rest_route=%2Fwp%2Fv2%2Ftags&post=626"}],"curies":[{"name":"wp","href":"https:\/\/api.w.org\/{rel}","templated":true}]}}