{"id":811,"date":"2018-04-27T09:24:41","date_gmt":"2018-04-27T09:24:41","guid":{"rendered":"http:\/\/colegiosanjosepontevedra.es\/?p=811"},"modified":"2018-04-27T09:24:41","modified_gmt":"2018-04-27T09:24:41","slug":"actividades-mayo","status":"publish","type":"post","link":"https:\/\/colegiosanjosepontevedra.es\/?p=811","title":{"rendered":"Actividades Mayo"},"content":{"rendered":"<p>2 de mayo: Sesi\u00f3n de lucha Ol\u00edmpica con el Subcampe\u00f3n de Espa\u00f1a.\u00a0 5\u00ba y 6\u00ba EP. Pabell\u00f3n Municipal<\/p>\n<p>3 de mayo:\u00a0Sesi\u00f3n de lucha Ol\u00edmpica con el Subcampe\u00f3n de Espa\u00f1a.\u00a0 3\u00ba y 4\u00ba EP. Pabell\u00f3n Municipal<\/p>\n<p>4 de mayo:\u00a0Sesi\u00f3n de lucha Ol\u00edmpica con el Subcampe\u00f3n de Espa\u00f1a.\u00a0 2\u00ba EP. Pabell\u00f3n Municipal<\/p>\n<p>8 de mayo:\u00a0Sesi\u00f3n de lucha Ol\u00edmpica con el Subcampe\u00f3n de Espa\u00f1a.\u00a0 1\u00ba EP. Pabell\u00f3n Municipal<\/p>\n<p>9 de mayo: D\u00eda de Europa. Centro Escolar.<\/p>\n<p>Ant\u00f3n Comod\u00f3n. Teatro. Educaci\u00f3n Infantil. Abanca<\/p>\n<p>10 de mayo: Vista Escuela Naval de Mar\u00edn. 3\u00ba y 4\u00ba EP.<\/p>\n<p>Del 14 al 18 de mayo: Semana Letras Gallegas<\/p>\n<p>15 de mayo: Ecoparque Multiaventura Mar\u00edn. 4\u00ba EP.<\/p>\n<p>16 de mayo: Celebraci\u00f3n Acto Letras Gallegas. 12.15h. Plaza del Teucro.<\/p>\n<p>18 de mayo: Excursi\u00f3n Fin de Curso \u00abLa vida Pirata\u00bb. Educaci\u00f3n Primaria.<\/p>\n<p>21 de mayo: Ecoparque Atalaia. 5\u00ba Educaci\u00f3n Infantil.<\/p>\n<p>22 de mayo: Visita Parque de Bomberos. Pontevedra. 6\u00ba Educaci\u00f3n Infantil.<\/p>\n<p>Visita F\u00e1brica de Celulosas. 5\u00ba y 6\u00ba EP.<\/p>\n<p>25 de mayo: Ajedrez en la calle. 3\u00ba y 4\u00ba de primaria.<\/p>\n<p>28 de mayo: Visita Puerto de Mar\u00edn. 5\u00ba y 6\u00ba EP.<\/p>\n<p>31 de mayo: Excursi\u00f3n Fin de Curso \u00abLa Vida Pirata\u00bb. Educaci\u00f3n Infantil.<\/p>\n<p>3&#215;3. Baloncesto en la calle. Pontevedra. 4\u00ba y 5\u00ba EP.<\/p>\n","protected":false},"excerpt":{"rendered":"<p>2 de mayo: Sesi\u00f3n de lucha Ol\u00edmpica con el Subcampe\u00f3n de Espa\u00f1a.\u00a0 5\u00ba y 6\u00ba EP. Pabell\u00f3n Municipal 3 de mayo:\u00a0Sesi\u00f3n de lucha Ol\u00edmpica con el Subcampe\u00f3n de Espa\u00f1a.\u00a0 3\u00ba y 4\u00ba EP. Pabell\u00f3n Municipal 4 de mayo:\u00a0Sesi\u00f3n de lucha Ol\u00edmpica con el Subcampe\u00f3n de Espa\u00f1a.\u00a0 2\u00ba EP. Pabell\u00f3n Municipal 8 de mayo:\u00a0Sesi\u00f3n de lucha Ol\u00edmpica con el Subcampe\u00f3n de &hellip; <a href=\"https:\/\/colegiosanjosepontevedra.es\/?p=811\">Sigue leyendo <span class=\"meta-nav\">&rarr;<\/span><\/a><\/p>\n","protected":false},"author":2,"featured_media":0,"comment_status":"open","ping_status":"open","sticky":false,"template":"","format":"standard","meta":[],"categories":[1],"tags":[],"_links":{"self":[{"href":"https:\/\/colegiosanjosepontevedra.es\/index.php?rest_route=\/wp\/v2\/posts\/811"}],"collection":[{"href":"https:\/\/colegiosanjosepontevedra.es\/index.php?rest_route=\/wp\/v2\/posts"}],"about":[{"href":"https:\/\/colegiosanjosepontevedra.es\/index.php?rest_route=\/wp\/v2\/types\/post"}],"author":[{"embeddable":true,"href":"https:\/\/colegiosanjosepontevedra.es\/index.php?rest_route=\/wp\/v2\/users\/2"}],"replies":[{"embeddable":true,"href":"https:\/\/colegiosanjosepontevedra.es\/index.php?rest_route=%2Fwp%2Fv2%2Fcomments&post=811"}],"version-history":[{"count":1,"href":"https:\/\/colegiosanjosepontevedra.es\/index.php?rest_route=\/wp\/v2\/posts\/811\/revisions"}],"predecessor-version":[{"id":812,"href":"https:\/\/colegiosanjosepontevedra.es\/index.php?rest_route=\/wp\/v2\/posts\/811\/revisions\/812"}],"wp:attachment":[{"href":"https:\/\/colegiosanjosepontevedra.es\/index.php?rest_route=%2Fwp%2Fv2%2Fmedia&parent=811"}],"wp:term":[{"taxonomy":"category","embeddable":true,"href":"https:\/\/colegiosanjosepontevedra.es\/index.php?rest_route=%2Fwp%2Fv2%2Fcategories&post=811"},{"taxonomy":"post_tag","embeddable":true,"href":"https:\/\/colegiosanjosepontevedra.es\/index.php?rest_route=%2Fwp%2Fv2%2Ftags&post=811"}],"curies":[{"name":"wp","href":"https:\/\/api.w.org\/{rel}","templated":true}]}}